{"id":6301,"date":"2021-04-11T15:50:38","date_gmt":"2021-04-11T13:50:38","guid":{"rendered":"https:\/\/dev.layertre.it\/safilens\/?p=6301"},"modified":"2021-11-16T09:08:09","modified_gmt":"2021-11-16T08:08:09","slug":"lenti-a-contatto-a-risparmio-accomodativo-anche-per-i-pre-presbiti","status":"publish","type":"post","link":"https:\/\/www.safilens.com\/de\/2021\/04\/11\/lenti-a-contatto-a-risparmio-accomodativo-anche-per-i-pre-presbiti\/","title":{"rendered":"Akkommodationsunterst\u00fctzende Kontaktlinsen auch f\u00fcr Pre-Presbyope"},"content":{"rendered":"<div data-elementor-type=\"wp-post\" data-elementor-id=\"6301\" class=\"elementor elementor-6301\">\n\t\t\t\t\t\t<section class=\"elementor-section elementor-top-section elementor-element elementor-element-e85fc40 elementor-section-boxed elementor-section-height-default elementor-section-height-default\" data-id=\"e85fc40\" data-element_type=\"section\" data-e-type=\"section\">\n\t\t\t\t\t\t<div class=\"elementor-container elementor-column-gap-default\">\n\t\t\t\t\t<div class=\"elementor-column elementor-col-100 elementor-top-column elementor-element elementor-element-5d68292b\" data-id=\"5d68292b\" data-element_type=\"column\" data-e-type=\"column\">\n\t\t\t<div class=\"elementor-widget-wrap elementor-element-populated\">\n\t\t\t\t\t\t<div class=\"elementor-element elementor-element-6e78582b elementor-widget elementor-widget-text-editor\" data-id=\"6e78582b\" data-element_type=\"widget\" data-e-type=\"widget\" data-widget_type=\"text-editor.default\">\n\t\t\t\t<div class=\"elementor-widget-container\">\n\t\t\t\t\t        <div class=\"elementor-text-editor elementor-clearfix\"><div>Eine k\u00fcrzlich durchgef\u00fchrte Studie zeigt potenzielle Vorteile, die sich aus der Verwendung von Kontaktlinsen f\u00fcr Presbyopie auch f\u00fcr die noch nicht presbyope Bev\u00f6lkerung ergeben.<\/div><div><br><\/div><\/div>\n        \t\t\t\t<\/div>\n\t\t\t\t<\/div>\n\t\t\t\t<div class=\"elementor-element elementor-element-cba2006 elementor-testimonial-text-align-center elementor-widget elementor-widget-opal-testimonials\" data-id=\"cba2006\" data-element_type=\"widget\" data-e-type=\"widget\" data-widget_type=\"opal-testimonials.default\">\n\t\t\t\t<div class=\"elementor-widget-container\">\n\t\t\t\t\t            <div class=\"elementor-testimonial-wrapper layout_1\">\n                <div class=\"row\" data-elementor-columns=\"1\">\n                    \n                                                <div class=\"elementor-testimonial-item column-item\">\n                            \n                                <div class=\"item-box\">\n\n\n                                    \n                                                                            <div class=\"elementor-testimonial-content\">\n                                            Die Ergebnisse deuten darauf hin, dass Tr\u00e4ger, die sich ihren 40ern mit Beeintr\u00e4chtigungen n\u00e4hern, fr\u00fcher von Presbyopie-Linsen profitieren k\u00f6nnten, als in der optometrischen Praxis angenommen. Diese Ergebnisse sollten Anpasser beeinflussen und sie ermutigen, Presbyopie-Linsen als korrigierendes Element bei j\u00fcngeren Tr\u00e4gern in Betracht zu ziehen, die \u00fcber mangelnden Sehkomfort klagen.                                        <\/div>\n                                                                                                                <div class=\"elementor-testimonial-meta elementor-testimonial-image-position-aside elementor-has-image\">\n                                            <div class=\"elementor-testimonial-meta-inner\">\n\n                                                        <div class=\"elementor-testimonial-image\">\n            <div class=\"image-inner\">\n                <img fetchpriority=\"high\" decoding=\"async\" width=\"300\" height=\"300\" src=\"https:\/\/www.safilens.com\/wp-content\/uploads\/2021\/04\/1516922045411.jpeg\" class=\"attachment-full size-full wp-image-6305\" alt=\"\" srcset=\"https:\/\/www.safilens.com\/wp-content\/uploads\/2021\/04\/1516922045411.jpeg 300w, https:\/\/www.safilens.com\/wp-content\/uploads\/2021\/04\/1516922045411-150x150.jpeg 150w, https:\/\/www.safilens.com\/wp-content\/uploads\/2021\/04\/1516922045411-12x12.jpeg 12w, https:\/\/www.safilens.com\/wp-content\/uploads\/2021\/04\/1516922045411-100x100.jpeg 100w\" sizes=\"(max-width: 300px) 100vw, 300px\" \/>            <\/div>\n        <\/div>\n        \n                                                                                                    <div class=\"elementor-testimonial-details\">\n\n                                                                                                                    <span class=\"elementor-testimonial-name\"><a href=\"https:\/\/onlinelibrary.wiley.com\/doi\/epdf\/10.1111\/opo.12761\">Erin Rueff, OD, PhD, FAAO<\/a><\/span>\n                                                        \n                                                                                                                    <span class=\"elementor-testimonial-job\">Southern California College of Optometry<\/span>\n                                                        \n                                                    <\/div>\n                                                                                            <\/div>\n                                        <\/div>\n                                                                    <\/div>\n\n                            \n                        <\/div>\n                                    <\/div>\n            <\/div>\n            \t\t\t\t<\/div>\n\t\t\t\t<\/div>\n\t\t\t\t\t<\/div>\n\t\t<\/div>\n\t\t\t\t\t<\/div>\n\t\t<\/section>\n\t\t\t\t<\/div>","protected":false},"excerpt":{"rendered":"<p>Uno studio recente individua potenziali benefici derivanti dell&#8217;uso di lenti a contatto per presbiopia anche nella popolazione pre-presbite. I risultati suggeriscono che gli utilizzatori che si avvicinano ai 40 anni con sintomi di discomfort possono trarre beneficio da lenti per presbiopia prima di quanto ipotizzato nella pratica optometrica. Queste scoperte devono influenzare gli applicatori ed &hellip; <\/p>\n<p class=\"more-link-wrap\"><a href=\"https:\/\/www.safilens.com\/de\/2021\/04\/11\/lenti-a-contatto-a-risparmio-accomodativo-anche-per-i-pre-presbiti\/\" class=\"more-link\"><span>Read More<span class=\"screen-reader-text\"> &#8220;Lenti a contatto a risparmio accomodativo anche per i pre-presbiti&#8221;<\/span><\/span><i class=\"opal-icon-arrow-right\" aria-hidden=\"true\"><\/i><\/a><\/p>","protected":false},"author":5,"featured_media":0,"comment_status":"closed","ping_status":"closed","sticky":false,"template":"","format":"standard","meta":{"inline_featured_image":false,"footnotes":""},"categories":[35],"tags":[44,38,43],"class_list":["post-6301","post","type-post","status-publish","format-standard","hentry","category-industria","tag-edof","tag-lenti-a-contatto","tag-presbiopia"],"_links":{"self":[{"href":"https:\/\/www.safilens.com\/de\/wp-json\/wp\/v2\/posts\/6301","targetHints":{"allow":["GET"]}}],"collection":[{"href":"https:\/\/www.safilens.com\/de\/wp-json\/wp\/v2\/posts"}],"about":[{"href":"https:\/\/www.safilens.com\/de\/wp-json\/wp\/v2\/types\/post"}],"author":[{"embeddable":true,"href":"https:\/\/www.safilens.com\/de\/wp-json\/wp\/v2\/users\/5"}],"replies":[{"embeddable":true,"href":"https:\/\/www.safilens.com\/de\/wp-json\/wp\/v2\/comments?post=6301"}],"version-history":[{"count":13,"href":"https:\/\/www.safilens.com\/de\/wp-json\/wp\/v2\/posts\/6301\/revisions"}],"predecessor-version":[{"id":6317,"href":"https:\/\/www.safilens.com\/de\/wp-json\/wp\/v2\/posts\/6301\/revisions\/6317"}],"wp:attachment":[{"href":"https:\/\/www.safilens.com\/de\/wp-json\/wp\/v2\/media?parent=6301"}],"wp:term":[{"taxonomy":"category","embeddable":true,"href":"https:\/\/www.safilens.com\/de\/wp-json\/wp\/v2\/categories?post=6301"},{"taxonomy":"post_tag","embeddable":true,"href":"https:\/\/www.safilens.com\/de\/wp-json\/wp\/v2\/tags?post=6301"}],"curies":[{"name":"wp","href":"https:\/\/api.w.org\/{rel}","templated":true}]}}